{"id":185,"date":"2022-04-19T10:11:17","date_gmt":"2022-04-19T10:11:17","guid":{"rendered":"https:\/\/amfiteatruresidence.ro\/?p=185"},"modified":"2022-04-19T10:11:17","modified_gmt":"2022-04-19T10:11:17","slug":"spalare-pardosea-parcare-subterana-16-05-2022","status":"publish","type":"post","link":"https:\/\/amfiteatruresidence.ro\/?p=185","title":{"rendered":"Sp\u0103lare pardosea parcare subteran\u0103 16.05.2022"},"content":{"rendered":"\n<p>Sp\u0103lare pardosea parcare subteran\u0103 conform contract 02\/09.03.2020<\/p>\n\n\n\n<ul class=\"wp-block-list\"><li><strong>Luni 16.05.2022 -> 07:00 &#8211; 19:00<\/strong><ul><li><strong>Parcare -3, -4 si -5<\/strong><\/li><\/ul><\/li><\/ul>\n\n\n\n<p>V\u0103 solicit\u0103m s\u0103 elibera\u021bi locurile de parcare \u0219i s\u0103 nu utiliza\u021bi parcarea \u00een intervalul men\u021bionat.<\/p>\n\n\n\n<p>Costul cure\u021beniei \u00een parcare va fi achitat chiar dac\u0103 locul de parcare nu a fost eliberat pentru a putea fi cur\u0103\u021bat.<\/p>\n\n\n\n<p>\u00cen intervalul specificat pute\u021bi parca ma\u0219inile \u00een parcarea public\u0103 de 700 de locuri ce se afl\u0103 vizavi de palatul copiilor.<\/p>\n\n\n\n<p><a href=\"https:\/\/goo.gl\/maps\/xBuMJxVAR3JYkTos9\">https:\/\/goo.gl\/maps\/xBuMJxVAR3JYkTos9<\/a><\/p>\n\n\n\n<p><\/p>\n","protected":false},"excerpt":{"rendered":"<p>Sp\u0103lare pardosea parcare subteran\u0103 conform contract 02\/09.03.2020 Luni 16.05.2022 -> 07:00 &#8211; 19:00 Parcare -3, -4 si -5 V\u0103 solicit\u0103m s\u0103 elibera\u021bi locurile de parcare \u0219i s\u0103 nu utiliza\u021bi parcarea \u00een intervalul men\u021bionat. Costul cure\u021beniei \u00een parcare va fi achitat chiar dac\u0103 locul de parcare nu a fost eliberat pentru a putea fi cur\u0103\u021bat. \u00cen [&hellip;]<\/p>\n","protected":false},"author":1,"featured_media":0,"comment_status":"closed","ping_status":"","sticky":false,"template":"","format":"standard","meta":{"footnotes":""},"categories":[1],"tags":[],"class_list":["post-185","post","type-post","status-publish","format-standard","hentry","category-fara-categorie"],"_links":{"self":[{"href":"https:\/\/amfiteatruresidence.ro\/index.php?rest_route=\/wp\/v2\/posts\/185","targetHints":{"allow":["GET"]}}],"collection":[{"href":"https:\/\/amfiteatruresidence.ro\/index.php?rest_route=\/wp\/v2\/posts"}],"about":[{"href":"https:\/\/amfiteatruresidence.ro\/index.php?rest_route=\/wp\/v2\/types\/post"}],"author":[{"embeddable":true,"href":"https:\/\/amfiteatruresidence.ro\/index.php?rest_route=\/wp\/v2\/users\/1"}],"replies":[{"embeddable":true,"href":"https:\/\/amfiteatruresidence.ro\/index.php?rest_route=%2Fwp%2Fv2%2Fcomments&post=185"}],"version-history":[{"count":1,"href":"https:\/\/amfiteatruresidence.ro\/index.php?rest_route=\/wp\/v2\/posts\/185\/revisions"}],"predecessor-version":[{"id":186,"href":"https:\/\/amfiteatruresidence.ro\/index.php?rest_route=\/wp\/v2\/posts\/185\/revisions\/186"}],"wp:attachment":[{"href":"https:\/\/amfiteatruresidence.ro\/index.php?rest_route=%2Fwp%2Fv2%2Fmedia&parent=185"}],"wp:term":[{"taxonomy":"category","embeddable":true,"href":"https:\/\/amfiteatruresidence.ro\/index.php?rest_route=%2Fwp%2Fv2%2Fcategories&post=185"},{"taxonomy":"post_tag","embeddable":true,"href":"https:\/\/amfiteatruresidence.ro\/index.php?rest_route=%2Fwp%2Fv2%2Ftags&post=185"}],"curies":[{"name":"wp","href":"https:\/\/api.w.org\/{rel}","templated":true}]}}